{"id":27731,"date":"2023-09-23T23:19:07","date_gmt":"2023-09-23T21:19:07","guid":{"rendered":"https:\/\/skodatour.lu\/?p=27731"},"modified":"2023-09-24T00:19:28","modified_gmt":"2023-09-23T22:19:28","slug":"emotionaler-sieg-fur-campenaerts-hirschi-im-gelben-trikot","status":"publish","type":"post","link":"https:\/\/skodatour.lu\/de\/emotionaler-sieg-fur-campenaerts-hirschi-im-gelben-trikot\/","title":{"rendered":"Emotionaler Sieg f\u00fcr Campenaerts, Hirschi im Gelben Trikot"},"content":{"rendered":"<p>Victor Campenaerts (Lotto Dstny) hat das Zeitfahren auf der vierten Etappe der \u0160koda Tour de Luxembourg gewonnen. Nach 23,9 km war er 1 Sekunde schneller als Brandon McNulty (UAE Team Emirates) und 20 Sekunden schneller als Diego Ulissi (UAE Team Emirates).<\/p>\n\n\n\n<p>Obwohl der Sieg knapp verpasst wurde, war es ein guter Tag f\u00fcr das UAE Team Emirates, da Marc Hirschi als Siebter der Etappe das Gelbe Trikot des Gesamtf\u00fchrenden \u00fcbernahm. Hirschi hatte das Gelbe Trikot bereits vor zwei Jahren bei der \u0160koda Tour de Luxembourg getragen, verlor es aber im Zeitfahren an Jo\u00e3o Almeida und wurde schlie\u00dflich Gesamtzweiter.<\/p>\n\n\n\n<p><strong><em>Victor Campenaerts (Lotto Dstny): <\/em><\/strong><em>\"Ich habe mich eine Weile nicht mehr auf das Zeitfahren konzentriert. Eigentlich wollte ich ein gutes Ergebnis in der Gesamtwertung erreichen, aber das war nach der dritten Etappe nicht mehr m\u00f6glich. Die Vorbereitung auf die \u0160koda Tour de Luxembourg war f\u00fcr mich und meine Familie schwierig, da mein Onkel kurz vor dem Start pl\u00f6tzlich verstarb. Es war auch sehr schwer f\u00fcr meinen Vater, der mir sagte, dass es jetzt nichts Besseres gibt, als eine Etappe in Luxemburg zu gewinnen. Deshalb bin ich froh, dass ich f\u00fcr meinen Onkel gewonnen habe.\"<\/em><br><br><\/p>\n\n\n\n<p><strong><em>Marc Hirschi (UAE Team Emirates): <\/em><\/strong><em>\"Bei dieser Art von Rennen ist alles m\u00f6glich. Ich wollte einfach alles geben. Aber ich war im Ziel etwas \u00fcberrascht, dass ich das Gelbe Trikot \u00fcbernehmen konnte. Mein Teamkollege Brandon McNulty liegt nur zwei Sekunden hinter mir, und wir hoffen, dass einer von uns morgen die Gesamtwertung gewinnen wird. Ich denke sogar, dass uns die letzte Etappe sehr gut liegt.\"<\/em><\/p>","protected":false},"excerpt":{"rendered":"<p>Victor Campenaerts (Lotto Dstny) hat das Zeitfahren auf der vierten Etappe der \u0160koda Tour de Luxembourg gewonnen. Nach 23,9 km war er 1 Sekunde schneller als Brandon McNulty (UAE Team Emirates) und 20 Sekunden schneller als Diego Ulissi (UAE Team Emirates). Obwohl er den Sieg knapp verpasste, war es ein guter Tag f\u00fcr das UAE Team [...]<\/p>","protected":false},"author":3,"featured_media":27732,"comment_status":"closed","ping_status":"closed","sticky":false,"template":"","format":"standard","meta":{"footnotes":""},"categories":[19],"tags":[],"class_list":["post-27731","post","type-post","status-publish","format-standard","has-post-thumbnail","hentry","category-news"],"_links":{"self":[{"href":"https:\/\/skodatour.lu\/de\/wp-json\/wp\/v2\/posts\/27731","targetHints":{"allow":["GET"]}}],"collection":[{"href":"https:\/\/skodatour.lu\/de\/wp-json\/wp\/v2\/posts"}],"about":[{"href":"https:\/\/skodatour.lu\/de\/wp-json\/wp\/v2\/types\/post"}],"author":[{"embeddable":true,"href":"https:\/\/skodatour.lu\/de\/wp-json\/wp\/v2\/users\/3"}],"replies":[{"embeddable":true,"href":"https:\/\/skodatour.lu\/de\/wp-json\/wp\/v2\/comments?post=27731"}],"version-history":[{"count":1,"href":"https:\/\/skodatour.lu\/de\/wp-json\/wp\/v2\/posts\/27731\/revisions"}],"predecessor-version":[{"id":27733,"href":"https:\/\/skodatour.lu\/de\/wp-json\/wp\/v2\/posts\/27731\/revisions\/27733"}],"wp:featuredmedia":[{"embeddable":true,"href":"https:\/\/skodatour.lu\/de\/wp-json\/wp\/v2\/media\/27732"}],"wp:attachment":[{"href":"https:\/\/skodatour.lu\/de\/wp-json\/wp\/v2\/media?parent=27731"}],"wp:term":[{"taxonomy":"category","embeddable":true,"href":"https:\/\/skodatour.lu\/de\/wp-json\/wp\/v2\/categories?post=27731"},{"taxonomy":"post_tag","embeddable":true,"href":"https:\/\/skodatour.lu\/de\/wp-json\/wp\/v2\/tags?post=27731"}],"curies":[{"name":"wp","href":"https:\/\/api.w.org\/{rel}","templated":true}]}}