{"id":35928,"date":"2026-09-02T21:41:38","date_gmt":"2026-09-02T19:41:38","guid":{"rendered":"https:\/\/skodatour.lu\/?p=35928"},"modified":"2026-09-02T21:41:38","modified_gmt":"2026-09-02T19:41:38","slug":"van-der-poel-zuruck-in-luxemburg","status":"publish","type":"post","link":"https:\/\/skodatour.lu\/de\/van-der-poel-back-in-luxembourg\/","title":{"rendered":"Van der Poel zur\u00fcck in Luxemburg"},"content":{"rendered":"<p class=\"wp-block-paragraph\">Zum zweiten Mal innerhalb von drei Jahren wird Mathieu van der Poel bei der \u0160koda Tour de Luxembourg an den Start gehen. Sein letzter Auftritt im Jahr 2024 war ein unvergessliches Erlebnis: Auf dem Weg zur Weltmeisterschaft holte sich der niederl\u00e4ndische Star den Sieg auf der Er\u00f6ffnungsetappe, gewann die Punktewertung und belegte in der Gesamtwertung den zweiten Platz.<\/p>\n\n\n\n<p class=\"wp-block-paragraph\">Zwei Jahre sp\u00e4ter spielt Luxemburg erneut eine Rolle auf seinem Weg zur Weltmeisterschaft, denn Mathieu van der Poel kehrt zur \u0160koda Tour de Luxembourg zur\u00fcck \u2013 mit dem Ziel, dem Rennen erneut seinen Stempel aufzudr\u00fccken.<\/p>\n\n\n\n<figure class=\"wp-block-image size-large\"><img loading=\"lazy\" decoding=\"async\" width=\"1024\" height=\"683\" src=\"https:\/\/skodatour.lu\/wp-content\/uploads\/f96668-1024x683.jpg\" alt=\"\" class=\"wp-image-35929\" srcset=\"https:\/\/skodatour.lu\/wp-content\/uploads\/f96668-1024x683.jpg 1024w, https:\/\/skodatour.lu\/wp-content\/uploads\/f96668-300x200.jpg 300w, https:\/\/skodatour.lu\/wp-content\/uploads\/f96668-768x512.jpg 768w, https:\/\/skodatour.lu\/wp-content\/uploads\/f96668-1536x1024.jpg 1536w, https:\/\/skodatour.lu\/wp-content\/uploads\/f96668-2048x1365.jpg 2048w, https:\/\/skodatour.lu\/wp-content\/uploads\/f96668-18x12.jpg 18w, https:\/\/skodatour.lu\/wp-content\/uploads\/f96668-1200x800.jpg 1200w, https:\/\/skodatour.lu\/wp-content\/uploads\/f96668-600x400.jpg 600w, https:\/\/skodatour.lu\/wp-content\/uploads\/f96668-1320x880.jpg 1320w\" sizes=\"auto, (max-width: 1024px) 100vw, 1024px\" \/><figcaption class=\"wp-element-caption\">Mathieu van der Poel (NL\/Alpecin-Deceuninck) feiert seinen Sieg auf der 1. Etappe der \u0160koda Tour Luxembourg 2024 \u2013 Foto: Serge Waldbillig \/ Skoda Tour Luxembourg<\/figcaption><\/figure>\n\n\n\n<p class=\"wp-block-paragraph\"><\/p>","protected":false},"excerpt":{"rendered":"<p>For the second time in three years, Mathieu van der Poel will take the start at the \u0160koda Tour de Luxembourg.&nbsp;His previous appearance in 2024 was a memorable one: on his way to the World Championships, the Dutch star claimed victory on the opening stage, won the points classification and finished second overall. Two years [&hellip;]<\/p>\n","protected":false},"author":101,"featured_media":35931,"comment_status":"closed","ping_status":"closed","sticky":false,"template":"","format":"standard","meta":{"footnotes":""},"categories":[19],"tags":[],"class_list":["post-35928","post","type-post","status-publish","format-standard","has-post-thumbnail","hentry","category-news"],"_links":{"self":[{"href":"https:\/\/skodatour.lu\/de\/wp-json\/wp\/v2\/posts\/35928","targetHints":{"allow":["GET"]}}],"collection":[{"href":"https:\/\/skodatour.lu\/de\/wp-json\/wp\/v2\/posts"}],"about":[{"href":"https:\/\/skodatour.lu\/de\/wp-json\/wp\/v2\/types\/post"}],"author":[{"embeddable":true,"href":"https:\/\/skodatour.lu\/de\/wp-json\/wp\/v2\/users\/101"}],"replies":[{"embeddable":true,"href":"https:\/\/skodatour.lu\/de\/wp-json\/wp\/v2\/comments?post=35928"}],"version-history":[{"count":1,"href":"https:\/\/skodatour.lu\/de\/wp-json\/wp\/v2\/posts\/35928\/revisions"}],"predecessor-version":[{"id":35930,"href":"https:\/\/skodatour.lu\/de\/wp-json\/wp\/v2\/posts\/35928\/revisions\/35930"}],"wp:featuredmedia":[{"embeddable":true,"href":"https:\/\/skodatour.lu\/de\/wp-json\/wp\/v2\/media\/35931"}],"wp:attachment":[{"href":"https:\/\/skodatour.lu\/de\/wp-json\/wp\/v2\/media?parent=35928"}],"wp:term":[{"taxonomy":"category","embeddable":true,"href":"https:\/\/skodatour.lu\/de\/wp-json\/wp\/v2\/categories?post=35928"},{"taxonomy":"post_tag","embeddable":true,"href":"https:\/\/skodatour.lu\/de\/wp-json\/wp\/v2\/tags?post=35928"}],"curies":[{"name":"wp","href":"https:\/\/api.w.org\/{rel}","templated":true}]}}