{"id":35928,"date":"2026-09-02T21:41:38","date_gmt":"2026-09-02T19:41:38","guid":{"rendered":"https:\/\/skodatour.lu\/?p=35928"},"modified":"2026-09-02T21:41:38","modified_gmt":"2026-09-02T19:41:38","slug":"van-der-poel-de-retour-au-luxembourg","status":"publish","type":"post","link":"https:\/\/skodatour.lu\/fr\/van-der-poel-back-in-luxembourg\/","title":{"rendered":"Van der Poel de retour au Luxembourg"},"content":{"rendered":"<p class=\"wp-block-paragraph\">Pour la deuxi\u00e8me fois en trois ans, Mathieu van der Poel prendra le d\u00e9part du \u0160koda Tour de Luxembourg. Sa pr\u00e9c\u00e9dente participation, en 2024, avait \u00e9t\u00e9 m\u00e9morable : alors qu&#x27;il se pr\u00e9parait pour les Championnats du monde, la star n\u00e9erlandaise s&#x27;\u00e9tait impos\u00e9 lors de la premi\u00e8re \u00e9tape, avait remport\u00e9 le classement par points et avait termin\u00e9 deuxi\u00e8me au classement g\u00e9n\u00e9ral.<\/p>\n\n\n\n<p class=\"wp-block-paragraph\">Deux ans plus tard, le Luxembourg fait \u00e0 nouveau partie de son parcours vers les Championnats du monde : Mathieu van der Poel revient au \u0160koda Tour de Luxembourg avec l&#x27;ambition de marquer une nouvelle fois cette course de son empreinte.<\/p>\n\n\n\n<figure class=\"wp-block-image size-large\"><img loading=\"lazy\" decoding=\"async\" width=\"1024\" height=\"683\" src=\"https:\/\/skodatour.lu\/wp-content\/uploads\/f96668-1024x683.jpg\" alt=\"\" class=\"wp-image-35929\" srcset=\"https:\/\/skodatour.lu\/wp-content\/uploads\/f96668-1024x683.jpg 1024w, https:\/\/skodatour.lu\/wp-content\/uploads\/f96668-300x200.jpg 300w, https:\/\/skodatour.lu\/wp-content\/uploads\/f96668-768x512.jpg 768w, https:\/\/skodatour.lu\/wp-content\/uploads\/f96668-1536x1024.jpg 1536w, https:\/\/skodatour.lu\/wp-content\/uploads\/f96668-2048x1365.jpg 2048w, https:\/\/skodatour.lu\/wp-content\/uploads\/f96668-18x12.jpg 18w, https:\/\/skodatour.lu\/wp-content\/uploads\/f96668-1200x800.jpg 1200w, https:\/\/skodatour.lu\/wp-content\/uploads\/f96668-600x400.jpg 600w, https:\/\/skodatour.lu\/wp-content\/uploads\/f96668-1320x880.jpg 1320w\" sizes=\"auto, (max-width: 1024px) 100vw, 1024px\" \/><figcaption class=\"wp-element-caption\">Mathieu van der Poel (Pays-Bas\/Alpecin-Deceuninck) c\u00e9l\u00e8bre sa victoire lors de la 1re \u00e9tape du \u0160koda Tour Luxembourg 2024 \u2013 Photo : Serge Waldbillig \/ Skoda Tour Luxembourg<\/figcaption><\/figure>\n\n\n\n<p class=\"wp-block-paragraph\"><\/p>","protected":false},"excerpt":{"rendered":"<p>For the second time in three years, Mathieu van der Poel will take the start at the \u0160koda Tour de Luxembourg.&nbsp;His previous appearance in 2024 was a memorable one: on his way to the World Championships, the Dutch star claimed victory on the opening stage, won the points classification and finished second overall. Two years [&hellip;]<\/p>\n","protected":false},"author":101,"featured_media":35931,"comment_status":"closed","ping_status":"closed","sticky":false,"template":"","format":"standard","meta":{"footnotes":""},"categories":[19],"tags":[],"class_list":["post-35928","post","type-post","status-publish","format-standard","has-post-thumbnail","hentry","category-news"],"_links":{"self":[{"href":"https:\/\/skodatour.lu\/fr\/wp-json\/wp\/v2\/posts\/35928","targetHints":{"allow":["GET"]}}],"collection":[{"href":"https:\/\/skodatour.lu\/fr\/wp-json\/wp\/v2\/posts"}],"about":[{"href":"https:\/\/skodatour.lu\/fr\/wp-json\/wp\/v2\/types\/post"}],"author":[{"embeddable":true,"href":"https:\/\/skodatour.lu\/fr\/wp-json\/wp\/v2\/users\/101"}],"replies":[{"embeddable":true,"href":"https:\/\/skodatour.lu\/fr\/wp-json\/wp\/v2\/comments?post=35928"}],"version-history":[{"count":1,"href":"https:\/\/skodatour.lu\/fr\/wp-json\/wp\/v2\/posts\/35928\/revisions"}],"predecessor-version":[{"id":35930,"href":"https:\/\/skodatour.lu\/fr\/wp-json\/wp\/v2\/posts\/35928\/revisions\/35930"}],"wp:featuredmedia":[{"embeddable":true,"href":"https:\/\/skodatour.lu\/fr\/wp-json\/wp\/v2\/media\/35931"}],"wp:attachment":[{"href":"https:\/\/skodatour.lu\/fr\/wp-json\/wp\/v2\/media?parent=35928"}],"wp:term":[{"taxonomy":"category","embeddable":true,"href":"https:\/\/skodatour.lu\/fr\/wp-json\/wp\/v2\/categories?post=35928"},{"taxonomy":"post_tag","embeddable":true,"href":"https:\/\/skodatour.lu\/fr\/wp-json\/wp\/v2\/tags?post=35928"}],"curies":[{"name":"wp","href":"https:\/\/api.w.org\/{rel}","templated":true}]}}